{"id":1660,"date":"2022-10-20T16:14:02","date_gmt":"2022-10-20T19:14:02","guid":{"rendered":"https:\/\/hchornburg.com.br\/?p=1660"},"modified":"2022-10-20T16:14:02","modified_gmt":"2022-10-20T19:14:02","slug":"hc-participa-do-iaa-show-salao-internacional-do-automovel","status":"publish","type":"post","link":"https:\/\/hchornburg.com.br\/blog\/hc-participa-do-iaa-show-salao-internacional-do-automovel\/","title":{"rendered":"HC participa do IAA Show \u2014 Sal\u00e3o Internacional do Autom\u00f3vel"},"content":{"rendered":"<p style=\"font-weight: 400;\">A HC Hornburg se apresentou no Sal\u00e3o Internacional do Autom\u00f3vel (IAA), por meio do estande MoveBrazil, conv\u00eanio de promo\u00e7\u00e3o \u00e0s exporta\u00e7\u00f5es criado em 2016. Segundo a Anfir, o programa j\u00e1 deu apoio a 75 associados e j\u00e1 gerou neg\u00f3cios de US$ 108 milh\u00f5es!<\/p>\n<p style=\"font-weight: 400;\">Trata-se da exposi\u00e7\u00e3o mais importante e mais abrangente de toda a ind\u00fastria automotiva! Os produtos expostos no Sal\u00e3o de Frankfurt n\u00e3o s\u00e3o apenas os caminh\u00f5es, vans, \u00f4nibus e carretas, mas tamb\u00e9m relacionados a log\u00edstica, oficina e equipamentos da garagem, al\u00e9m dos carros modelo.<\/p>\n<p style=\"font-weight: 400;\">A edi\u00e7\u00e3o de 2022 aconteceu em Hannover, na Alemanha, de 20 a 25 de setembro, e tornou-se uma grande oportunidade para as fabricantes de ve\u00edculos e componentes mostrarem as principais tend\u00eancias para os pr\u00f3ximos anos.<\/p>\n<p style=\"font-weight: 400;\">Desde antes de 2020, j\u00e1 sab\u00edamos que a eletrifica\u00e7\u00e3o era o futuro do transporte, mas foi em Hannover que ela se tornou presente com o lan\u00e7amento de diversos produtos, de vans a caminh\u00f5es extrapesados sem emiss\u00f5es, movidos a eletricidade. Os assuntos principais foram eletrifica\u00e7\u00e3o e gest\u00e3o \u2014 as palavras-chave do IAA 2022!<\/p>\n<p style=\"font-weight: 400;\">Uma das novidades que conferimos este ano foi a exposi\u00e7\u00e3o da MBB com seu\u00a0eActros, caminh\u00e3o extrapesado para longas dist\u00e2ncias, com autonomia de 500 quil\u00f4metros.\u00a0Assim, a escolha de tr\u00eas conjuntos de baterias de c\u00e9lulas de fosfato de ferro-l\u00edtio, LFP, com capacidade total instalada de mais de 600 kW\/h, tornou vi\u00e1vel a utiliza\u00e7\u00e3o de propulsor el\u00e9trico com pot\u00eancia cont\u00ednua de 400 kW ou mais de 530 cavalos para esse tipo de opera\u00e7\u00e3o.<\/p>\n<p style=\"font-weight: 400;\">E ainda apresentou outras tend\u00eancias, como a propuls\u00e3o neutra de CO2 com o cavalo-mec\u00e2nico eActros 300, que tem autonomia de at\u00e9 220 quil\u00f4metros e j\u00e1 est\u00e1 mais adiantado: sua produ\u00e7\u00e3o come\u00e7a no segundo semestre de 2023 na Europa.<\/p>\n<p style=\"font-weight: 400;\">J\u00e1 a Scania, com quatro modelos 100% el\u00e9tricos dispon\u00edveis para o mercado europeu, apresentou na feira alem\u00e3 dois motores de 13 litros movidos a biog\u00e1s\/biometano, tecnologia bastante conhecida e comercializada no Brasil.<\/p>\n<p style=\"font-weight: 400;\">A Volvo tamb\u00e9m mostrou seu modelo movido a c\u00e9lula de combust\u00edvel, que roda em testes e deve come\u00e7ar a ser produzido em s\u00e9rie em 2025. Por\u00e9m, o destaque foi para os el\u00e9tricos que utilizam baterias recarreg\u00e1veis: teve in\u00edcio a produ\u00e7\u00e3o dos modelos FH, FM e FMX extrapesados para longas dist\u00e2ncias, sem emiss\u00f5es e com capacidade de carga de 44 toneladas!<\/p>\n<p style=\"font-weight: 400;\">Essas foram apenas algumas montadoras, mas eram muitas as que estavam presentes e todas com ve\u00edculos el\u00e9tricos. Esse \u00e9 o come\u00e7o, pois h\u00e1 muito a ser feito, com adequa\u00e7\u00f5es e ajustes, mas a jornada come\u00e7ou!<\/p>\n<p style=\"font-weight: 400;\">A HC exp\u00f4s junto a 17 empresas brasileiras, onde a Anfir e a Apex foram as respons\u00e1veis por podermos estar nesse universo que \u00e9 o IAA. A Anfir \u00e9 a nossa associa\u00e7\u00e3o dos implementadores e a Apex Brasil \u00e9 a Ag\u00eancia Brasileira de Promo\u00e7\u00e3o de Exporta\u00e7\u00f5es e Investimentos \u2014 o programa \u00e9 a MoveBrazil.<\/p>\n<p style=\"font-weight: 400;\">O objetivo principal da presen\u00e7a no evento foi atingido, que era conhecer melhor as novas tecnologias, abrir novas fronteiras e fazer novos contatos. Foi uma oportunidade incr\u00edvel para a HC, que influenciar\u00e1 nas solu\u00e7\u00f5es que apresentamos aos nossos clientes!<\/p>\n<p><img fetchpriority=\"high\" decoding=\"async\" class=\"alignnone wp-image-1661 size-full\" src=\"https:\/\/hchornburg.com.br\/blog\/wp-content\/uploads\/2022\/10\/Imagem-meio-Blog-2.png\" alt=\"\" width=\"927\" height=\"301\" srcset=\"https:\/\/hchornburg.com.br\/blog\/wp-content\/uploads\/2022\/10\/Imagem-meio-Blog-2.png 927w, https:\/\/hchornburg.com.br\/blog\/wp-content\/uploads\/2022\/10\/Imagem-meio-Blog-2-300x97.png 300w, https:\/\/hchornburg.com.br\/blog\/wp-content\/uploads\/2022\/10\/Imagem-meio-Blog-2-768x249.png 768w\" sizes=\"(max-width: 927px) 100vw, 927px\" \/><\/p>\n","protected":false},"excerpt":{"rendered":"<p>A HC Hornburg se apresentou no Sal\u00e3o Internacional do Autom\u00f3vel (IAA), por meio do estande MoveBrazil, conv\u00eanio de promo\u00e7\u00e3o \u00e0s exporta\u00e7\u00f5es criado em 2016. Segundo a Anfir, o programa j\u00e1 deu apoio a 75 associados e j\u00e1 gerou neg\u00f3cios de US$ 108 milh\u00f5es! Trata-se da exposi\u00e7\u00e3o mais importante e mais abrangente de toda a ind\u00fastria&hellip;&nbsp;<a href=\"https:\/\/hchornburg.com.br\/blog\/hc-participa-do-iaa-show-salao-internacional-do-automovel\/\" rel=\"bookmark\">Continue a ler &raquo;<span class=\"screen-reader-text\">HC participa do IAA Show \u2014 Sal\u00e3o Internacional do Autom\u00f3vel<\/span><\/a><\/p>\n","protected":false},"author":2,"featured_media":1662,"comment_status":"open","ping_status":"open","sticky":false,"template":"","format":"standard","meta":{"_acf_changed":false,"neve_meta_sidebar":"","neve_meta_container":"","neve_meta_enable_content_width":"off","neve_meta_content_width":70,"neve_meta_title_alignment":"","neve_meta_author_avatar":"","neve_post_elements_order":"","neve_meta_disable_header":"","neve_meta_disable_footer":"","neve_meta_disable_title":"","footnotes":""},"categories":[1],"tags":[],"class_list":["post-1660","post","type-post","status-publish","format-standard","has-post-thumbnail","hentry","category-novidades"],"acf":[],"yoast_head":"<!-- This site is optimized with the Yoast SEO plugin v27.5 - https:\/\/yoast.com\/product\/yoast-seo-wordpress\/ -->\n<title>HC participa do IAA Show \u2014 Sal\u00e3o Internacional do Autom\u00f3vel - HC Hornburg<\/title>\n<meta name=\"robots\" content=\"index, follow, max-snippet:-1, max-image-preview:large, max-video-preview:-1\" \/>\n<link rel=\"canonical\" href=\"https:\/\/hchornburg.com.br\/blog\/hc-participa-do-iaa-show-salao-internacional-do-automovel\/\" \/>\n<meta property=\"og:locale\" content=\"pt_BR\" \/>\n<meta property=\"og:type\" content=\"article\" \/>\n<meta property=\"og:title\" content=\"HC participa do IAA Show \u2014 Sal\u00e3o Internacional do Autom\u00f3vel - HC Hornburg\" \/>\n<meta property=\"og:description\" content=\"A HC Hornburg se apresentou no Sal\u00e3o Internacional do Autom\u00f3vel (IAA), por meio do estande MoveBrazil, conv\u00eanio de promo\u00e7\u00e3o \u00e0s exporta\u00e7\u00f5es criado em 2016. Segundo a Anfir, o programa j\u00e1 deu apoio a 75 associados e j\u00e1 gerou neg\u00f3cios de US$ 108 milh\u00f5es! Trata-se da exposi\u00e7\u00e3o mais importante e mais abrangente de toda a ind\u00fastria&hellip;&nbsp;Continue a ler &raquo;HC participa do IAA Show \u2014 Sal\u00e3o Internacional do Autom\u00f3vel\" \/>\n<meta property=\"og:url\" content=\"https:\/\/hchornburg.com.br\/blog\/hc-participa-do-iaa-show-salao-internacional-do-automovel\/\" \/>\n<meta property=\"og:site_name\" content=\"HC Hornburg\" \/>\n<meta property=\"article:published_time\" content=\"2022-10-20T19:14:02+00:00\" \/>\n<meta property=\"og:image\" content=\"https:\/\/hchornburg.com.br\/blog\/wp-content\/uploads\/2022\/10\/Imagem-Blog.png\" \/>\n\t<meta property=\"og:image:width\" content=\"1059\" \/>\n\t<meta property=\"og:image:height\" content=\"500\" \/>\n\t<meta property=\"og:image:type\" content=\"image\/png\" \/>\n<meta name=\"author\" content=\"Rodrigo\" \/>\n<meta name=\"twitter:card\" content=\"summary_large_image\" \/>\n<meta name=\"twitter:label1\" content=\"Escrito por\" \/>\n\t<meta name=\"twitter:data1\" content=\"Rodrigo\" \/>\n\t<meta name=\"twitter:label2\" content=\"Est. tempo de leitura\" \/>\n\t<meta name=\"twitter:data2\" content=\"3 minutos\" \/>\n<script type=\"application\/ld+json\" class=\"yoast-schema-graph\">{\"@context\":\"https:\\\/\\\/schema.org\",\"@graph\":[{\"@type\":\"Article\",\"@id\":\"https:\\\/\\\/hchornburg.com.br\\\/blog\\\/hc-participa-do-iaa-show-salao-internacional-do-automovel\\\/#article\",\"isPartOf\":{\"@id\":\"https:\\\/\\\/hchornburg.com.br\\\/blog\\\/hc-participa-do-iaa-show-salao-internacional-do-automovel\\\/\"},\"author\":{\"name\":\"Rodrigo\",\"@id\":\"https:\\\/\\\/hchornburg.com.br\\\/blog\\\/#\\\/schema\\\/person\\\/f0f838a8376b50446335bcbdb43a67e2\"},\"headline\":\"HC participa do IAA Show \u2014 Sal\u00e3o Internacional do Autom\u00f3vel\",\"datePublished\":\"2022-10-20T19:14:02+00:00\",\"mainEntityOfPage\":{\"@id\":\"https:\\\/\\\/hchornburg.com.br\\\/blog\\\/hc-participa-do-iaa-show-salao-internacional-do-automovel\\\/\"},\"wordCount\":564,\"commentCount\":0,\"image\":{\"@id\":\"https:\\\/\\\/hchornburg.com.br\\\/blog\\\/hc-participa-do-iaa-show-salao-internacional-do-automovel\\\/#primaryimage\"},\"thumbnailUrl\":\"https:\\\/\\\/hchornburg.com.br\\\/blog\\\/wp-content\\\/uploads\\\/2022\\\/10\\\/Imagem-Blog.png\",\"articleSection\":[\"novidades\"],\"inLanguage\":\"pt-BR\",\"potentialAction\":[{\"@type\":\"CommentAction\",\"name\":\"Comment\",\"target\":[\"https:\\\/\\\/hchornburg.com.br\\\/blog\\\/hc-participa-do-iaa-show-salao-internacional-do-automovel\\\/#respond\"]}]},{\"@type\":\"WebPage\",\"@id\":\"https:\\\/\\\/hchornburg.com.br\\\/blog\\\/hc-participa-do-iaa-show-salao-internacional-do-automovel\\\/\",\"url\":\"https:\\\/\\\/hchornburg.com.br\\\/blog\\\/hc-participa-do-iaa-show-salao-internacional-do-automovel\\\/\",\"name\":\"HC participa do IAA Show \u2014 Sal\u00e3o Internacional do Autom\u00f3vel - HC Hornburg\",\"isPartOf\":{\"@id\":\"https:\\\/\\\/hchornburg.com.br\\\/blog\\\/#website\"},\"primaryImageOfPage\":{\"@id\":\"https:\\\/\\\/hchornburg.com.br\\\/blog\\\/hc-participa-do-iaa-show-salao-internacional-do-automovel\\\/#primaryimage\"},\"image\":{\"@id\":\"https:\\\/\\\/hchornburg.com.br\\\/blog\\\/hc-participa-do-iaa-show-salao-internacional-do-automovel\\\/#primaryimage\"},\"thumbnailUrl\":\"https:\\\/\\\/hchornburg.com.br\\\/blog\\\/wp-content\\\/uploads\\\/2022\\\/10\\\/Imagem-Blog.png\",\"datePublished\":\"2022-10-20T19:14:02+00:00\",\"author\":{\"@id\":\"https:\\\/\\\/hchornburg.com.br\\\/blog\\\/#\\\/schema\\\/person\\\/f0f838a8376b50446335bcbdb43a67e2\"},\"breadcrumb\":{\"@id\":\"https:\\\/\\\/hchornburg.com.br\\\/blog\\\/hc-participa-do-iaa-show-salao-internacional-do-automovel\\\/#breadcrumb\"},\"inLanguage\":\"pt-BR\",\"potentialAction\":[{\"@type\":\"ReadAction\",\"target\":[\"https:\\\/\\\/hchornburg.com.br\\\/blog\\\/hc-participa-do-iaa-show-salao-internacional-do-automovel\\\/\"]}]},{\"@type\":\"ImageObject\",\"inLanguage\":\"pt-BR\",\"@id\":\"https:\\\/\\\/hchornburg.com.br\\\/blog\\\/hc-participa-do-iaa-show-salao-internacional-do-automovel\\\/#primaryimage\",\"url\":\"https:\\\/\\\/hchornburg.com.br\\\/blog\\\/wp-content\\\/uploads\\\/2022\\\/10\\\/Imagem-Blog.png\",\"contentUrl\":\"https:\\\/\\\/hchornburg.com.br\\\/blog\\\/wp-content\\\/uploads\\\/2022\\\/10\\\/Imagem-Blog.png\",\"width\":1059,\"height\":500},{\"@type\":\"BreadcrumbList\",\"@id\":\"https:\\\/\\\/hchornburg.com.br\\\/blog\\\/hc-participa-do-iaa-show-salao-internacional-do-automovel\\\/#breadcrumb\",\"itemListElement\":[{\"@type\":\"ListItem\",\"position\":1,\"name\":\"In\u00edcio\",\"item\":\"https:\\\/\\\/hchornburg.com.br\\\/blog\\\/\"},{\"@type\":\"ListItem\",\"position\":2,\"name\":\"HC participa do IAA Show \u2014 Sal\u00e3o Internacional do Autom\u00f3vel\"}]},{\"@type\":\"WebSite\",\"@id\":\"https:\\\/\\\/hchornburg.com.br\\\/blog\\\/#website\",\"url\":\"https:\\\/\\\/hchornburg.com.br\\\/blog\\\/\",\"name\":\"HC Hornburg\",\"description\":\"Carrocerias Frigor\u00edficas\",\"potentialAction\":[{\"@type\":\"SearchAction\",\"target\":{\"@type\":\"EntryPoint\",\"urlTemplate\":\"https:\\\/\\\/hchornburg.com.br\\\/blog\\\/?s={search_term_string}\"},\"query-input\":{\"@type\":\"PropertyValueSpecification\",\"valueRequired\":true,\"valueName\":\"search_term_string\"}}],\"inLanguage\":\"pt-BR\"},{\"@type\":\"Person\",\"@id\":\"https:\\\/\\\/hchornburg.com.br\\\/blog\\\/#\\\/schema\\\/person\\\/f0f838a8376b50446335bcbdb43a67e2\",\"name\":\"Rodrigo\",\"image\":{\"@type\":\"ImageObject\",\"inLanguage\":\"pt-BR\",\"@id\":\"https:\\\/\\\/secure.gravatar.com\\\/avatar\\\/5dcee21f6ed6426ee73b825d9b5ba64a10115284039cc9b7056cf4e1b562ca32?s=96&d=mm&r=g\",\"url\":\"https:\\\/\\\/secure.gravatar.com\\\/avatar\\\/5dcee21f6ed6426ee73b825d9b5ba64a10115284039cc9b7056cf4e1b562ca32?s=96&d=mm&r=g\",\"contentUrl\":\"https:\\\/\\\/secure.gravatar.com\\\/avatar\\\/5dcee21f6ed6426ee73b825d9b5ba64a10115284039cc9b7056cf4e1b562ca32?s=96&d=mm&r=g\",\"caption\":\"Rodrigo\"},\"url\":\"https:\\\/\\\/hchornburg.com.br\\\/blog\\\/author\\\/rodrigo\\\/\"}]}<\/script>\n<!-- \/ Yoast SEO plugin. -->","yoast_head_json":{"title":"HC participa do IAA Show \u2014 Sal\u00e3o Internacional do Autom\u00f3vel - HC Hornburg","robots":{"index":"index","follow":"follow","max-snippet":"max-snippet:-1","max-image-preview":"max-image-preview:large","max-video-preview":"max-video-preview:-1"},"canonical":"https:\/\/hchornburg.com.br\/blog\/hc-participa-do-iaa-show-salao-internacional-do-automovel\/","og_locale":"pt_BR","og_type":"article","og_title":"HC participa do IAA Show \u2014 Sal\u00e3o Internacional do Autom\u00f3vel - HC Hornburg","og_description":"A HC Hornburg se apresentou no Sal\u00e3o Internacional do Autom\u00f3vel (IAA), por meio do estande MoveBrazil, conv\u00eanio de promo\u00e7\u00e3o \u00e0s exporta\u00e7\u00f5es criado em 2016. Segundo a Anfir, o programa j\u00e1 deu apoio a 75 associados e j\u00e1 gerou neg\u00f3cios de US$ 108 milh\u00f5es! Trata-se da exposi\u00e7\u00e3o mais importante e mais abrangente de toda a ind\u00fastria&hellip;&nbsp;Continue a ler &raquo;HC participa do IAA Show \u2014 Sal\u00e3o Internacional do Autom\u00f3vel","og_url":"https:\/\/hchornburg.com.br\/blog\/hc-participa-do-iaa-show-salao-internacional-do-automovel\/","og_site_name":"HC Hornburg","article_published_time":"2022-10-20T19:14:02+00:00","og_image":[{"width":1059,"height":500,"url":"https:\/\/hchornburg.com.br\/blog\/wp-content\/uploads\/2022\/10\/Imagem-Blog.png","type":"image\/png"}],"author":"Rodrigo","twitter_card":"summary_large_image","twitter_misc":{"Escrito por":"Rodrigo","Est. tempo de leitura":"3 minutos"},"schema":{"@context":"https:\/\/schema.org","@graph":[{"@type":"Article","@id":"https:\/\/hchornburg.com.br\/blog\/hc-participa-do-iaa-show-salao-internacional-do-automovel\/#article","isPartOf":{"@id":"https:\/\/hchornburg.com.br\/blog\/hc-participa-do-iaa-show-salao-internacional-do-automovel\/"},"author":{"name":"Rodrigo","@id":"https:\/\/hchornburg.com.br\/blog\/#\/schema\/person\/f0f838a8376b50446335bcbdb43a67e2"},"headline":"HC participa do IAA Show \u2014 Sal\u00e3o Internacional do Autom\u00f3vel","datePublished":"2022-10-20T19:14:02+00:00","mainEntityOfPage":{"@id":"https:\/\/hchornburg.com.br\/blog\/hc-participa-do-iaa-show-salao-internacional-do-automovel\/"},"wordCount":564,"commentCount":0,"image":{"@id":"https:\/\/hchornburg.com.br\/blog\/hc-participa-do-iaa-show-salao-internacional-do-automovel\/#primaryimage"},"thumbnailUrl":"https:\/\/hchornburg.com.br\/blog\/wp-content\/uploads\/2022\/10\/Imagem-Blog.png","articleSection":["novidades"],"inLanguage":"pt-BR","potentialAction":[{"@type":"CommentAction","name":"Comment","target":["https:\/\/hchornburg.com.br\/blog\/hc-participa-do-iaa-show-salao-internacional-do-automovel\/#respond"]}]},{"@type":"WebPage","@id":"https:\/\/hchornburg.com.br\/blog\/hc-participa-do-iaa-show-salao-internacional-do-automovel\/","url":"https:\/\/hchornburg.com.br\/blog\/hc-participa-do-iaa-show-salao-internacional-do-automovel\/","name":"HC participa do IAA Show \u2014 Sal\u00e3o Internacional do Autom\u00f3vel - HC Hornburg","isPartOf":{"@id":"https:\/\/hchornburg.com.br\/blog\/#website"},"primaryImageOfPage":{"@id":"https:\/\/hchornburg.com.br\/blog\/hc-participa-do-iaa-show-salao-internacional-do-automovel\/#primaryimage"},"image":{"@id":"https:\/\/hchornburg.com.br\/blog\/hc-participa-do-iaa-show-salao-internacional-do-automovel\/#primaryimage"},"thumbnailUrl":"https:\/\/hchornburg.com.br\/blog\/wp-content\/uploads\/2022\/10\/Imagem-Blog.png","datePublished":"2022-10-20T19:14:02+00:00","author":{"@id":"https:\/\/hchornburg.com.br\/blog\/#\/schema\/person\/f0f838a8376b50446335bcbdb43a67e2"},"breadcrumb":{"@id":"https:\/\/hchornburg.com.br\/blog\/hc-participa-do-iaa-show-salao-internacional-do-automovel\/#breadcrumb"},"inLanguage":"pt-BR","potentialAction":[{"@type":"ReadAction","target":["https:\/\/hchornburg.com.br\/blog\/hc-participa-do-iaa-show-salao-internacional-do-automovel\/"]}]},{"@type":"ImageObject","inLanguage":"pt-BR","@id":"https:\/\/hchornburg.com.br\/blog\/hc-participa-do-iaa-show-salao-internacional-do-automovel\/#primaryimage","url":"https:\/\/hchornburg.com.br\/blog\/wp-content\/uploads\/2022\/10\/Imagem-Blog.png","contentUrl":"https:\/\/hchornburg.com.br\/blog\/wp-content\/uploads\/2022\/10\/Imagem-Blog.png","width":1059,"height":500},{"@type":"BreadcrumbList","@id":"https:\/\/hchornburg.com.br\/blog\/hc-participa-do-iaa-show-salao-internacional-do-automovel\/#breadcrumb","itemListElement":[{"@type":"ListItem","position":1,"name":"In\u00edcio","item":"https:\/\/hchornburg.com.br\/blog\/"},{"@type":"ListItem","position":2,"name":"HC participa do IAA Show \u2014 Sal\u00e3o Internacional do Autom\u00f3vel"}]},{"@type":"WebSite","@id":"https:\/\/hchornburg.com.br\/blog\/#website","url":"https:\/\/hchornburg.com.br\/blog\/","name":"HC Hornburg","description":"Carrocerias Frigor\u00edficas","potentialAction":[{"@type":"SearchAction","target":{"@type":"EntryPoint","urlTemplate":"https:\/\/hchornburg.com.br\/blog\/?s={search_term_string}"},"query-input":{"@type":"PropertyValueSpecification","valueRequired":true,"valueName":"search_term_string"}}],"inLanguage":"pt-BR"},{"@type":"Person","@id":"https:\/\/hchornburg.com.br\/blog\/#\/schema\/person\/f0f838a8376b50446335bcbdb43a67e2","name":"Rodrigo","image":{"@type":"ImageObject","inLanguage":"pt-BR","@id":"https:\/\/secure.gravatar.com\/avatar\/5dcee21f6ed6426ee73b825d9b5ba64a10115284039cc9b7056cf4e1b562ca32?s=96&d=mm&r=g","url":"https:\/\/secure.gravatar.com\/avatar\/5dcee21f6ed6426ee73b825d9b5ba64a10115284039cc9b7056cf4e1b562ca32?s=96&d=mm&r=g","contentUrl":"https:\/\/secure.gravatar.com\/avatar\/5dcee21f6ed6426ee73b825d9b5ba64a10115284039cc9b7056cf4e1b562ca32?s=96&d=mm&r=g","caption":"Rodrigo"},"url":"https:\/\/hchornburg.com.br\/blog\/author\/rodrigo\/"}]}},"_links":{"self":[{"href":"https:\/\/hchornburg.com.br\/blog\/wp-json\/wp\/v2\/posts\/1660","targetHints":{"allow":["GET"]}}],"collection":[{"href":"https:\/\/hchornburg.com.br\/blog\/wp-json\/wp\/v2\/posts"}],"about":[{"href":"https:\/\/hchornburg.com.br\/blog\/wp-json\/wp\/v2\/types\/post"}],"author":[{"embeddable":true,"href":"https:\/\/hchornburg.com.br\/blog\/wp-json\/wp\/v2\/users\/2"}],"replies":[{"embeddable":true,"href":"https:\/\/hchornburg.com.br\/blog\/wp-json\/wp\/v2\/comments?post=1660"}],"version-history":[{"count":1,"href":"https:\/\/hchornburg.com.br\/blog\/wp-json\/wp\/v2\/posts\/1660\/revisions"}],"predecessor-version":[{"id":1663,"href":"https:\/\/hchornburg.com.br\/blog\/wp-json\/wp\/v2\/posts\/1660\/revisions\/1663"}],"wp:featuredmedia":[{"embeddable":true,"href":"https:\/\/hchornburg.com.br\/blog\/wp-json\/wp\/v2\/media\/1662"}],"wp:attachment":[{"href":"https:\/\/hchornburg.com.br\/blog\/wp-json\/wp\/v2\/media?parent=1660"}],"wp:term":[{"taxonomy":"category","embeddable":true,"href":"https:\/\/hchornburg.com.br\/blog\/wp-json\/wp\/v2\/categories?post=1660"},{"taxonomy":"post_tag","embeddable":true,"href":"https:\/\/hchornburg.com.br\/blog\/wp-json\/wp\/v2\/tags?post=1660"}],"curies":[{"name":"wp","href":"https:\/\/api.w.org\/{rel}","templated":true}]}}